{"id":12506,"date":"2025-04-01T15:28:21","date_gmt":"2025-04-01T19:28:21","guid":{"rendered":"https:\/\/wellington-altus.ca\/?p=12506"},"modified":"2025-04-01T15:55:56","modified_gmt":"2025-04-01T19:55:56","slug":"wellington-altus-expands-leadership-team-with-three-key-executive-appointments","status":"publish","type":"post","link":"https:\/\/wellington-altus.ca\/fr\/wellington-altus-expands-leadership-team-with-three-key-executive-appointments\/","title":{"rendered":"Wellington-Altus enrichit son \u00e9quipe de direction en proc\u00e9dant \u00e0 trois nominations cl\u00e9s"},"content":{"rendered":"\n<p><em>Strategic Appointments Strengthen Advisor Support and Accelerate Growth Trajectory<\/em><em><\/em><\/p>\n\n\n\n<p><strong>WINNIPEG, TORONTO<\/strong>, and&nbsp;<strong>MONTR\u00c9AL<\/strong>, [Tuesday, April 1, 2025] \/CNW\/ \u2014 Wellington-Altus Financial Inc. (Wellington-Altus)\u2014parent company to Canada\u2019s top-rated* investment dealer\u2014is pleased to announce three strategic appointments aimed at strengthening advisor support and accelerating the firm\u2019s continued growth. Wellington-Altus has experienced remarkable and unparalleled growth since its founding in April 2017. This exponential growth trajectory necessitates the expansion of the company\u2019s leadership team to ensure continued success and to maintain exceptional service levels for both clients and advisors.<\/p>\n\n\n\n<p>Effective today, the company appointed three new Executive Vice-Presidents to serve on its executive committee.<\/p>\n\n\n\n<p>These executive appointments reinforce Wellington-Altus\u2019 commitment to long-term growth and shareholder value. As the firm continues its exploratory search for a strategic minority partner on the secondary market to accelerate growth and innovation, strengthening its leadership team ensures continued success for advisors, clients, and stakeholders alike.<\/p>\n\n\n\n<p>First, <strong>Todd Ferguson<\/strong> has been selected from the company\u2019s significant internal talent pool for the role of <strong>Executive Vice-President (EVP), National Manager<\/strong>. Todd joined Wellington-Altus in 2022 as Senior Vice-President and Regional Manager and has more than 25 years of experience in the financial services industry, including leadership positions with Manulife Securities, ScotiaMcLeod, and TD Waterhouse. Since taking on the national manager role on an interim basis earlier this year, Todd has played an integral role in supporting the firm\u2019s advisors and driving national expansion. As EVP, National Manager, Todd will continue to oversee the firm\u2019s national advisor network, ensuring continued growth, advisor development, and aligning the firm\u2019s resources to support its expanding teams across Canada.<\/p>\n\n\n\n<p>\u201cThis is an exciting opportunity to further help our advisory teams enrich the client experience,\u201d said Todd Ferguson. \u201cBy working closely with our executive team, I am well positioned to ensure advisors have the support, resources, and strategic direction they need to thrive. As Wellington-Altus continues its unprecedented growth, I am committed to maintaining our entrepreneurial culture and advancing the key elements that drive our success, ensuring our expansion strengthens rather than dilutes what makes us unique.\u201d<\/p>\n\n\n\n<p>In addition, <strong>Michael Boydell<\/strong> will assume the role of <strong>Executive Vice-President (EVP), Growth and Performance Strategies<\/strong>. With nearly 30 years of expertise in corporate strategy, business growth and executive coaching, Michael is the founder of Boydell Global, and has held senior leadership roles at EY, Yahoo! Inc., Sangoma Technologies and QVC Group. In this role, Michael will drive enterprise-wide growth initiatives, working across teams to enhance advisor engagement, optimize business growth strategies, and position the firm for long-term success. His leadership will be integral as Wellington-Altus continues its strategic expansion and prepares for its next phase of growth.<\/p>\n\n\n\n<p>&#8220;I&#8217;m energized to partner with such an inspiring and committed collection of already successful individuals and teams at Wellington-Altus,&#8221; said Michael Boydell. &#8220;We&#8217;re on a non-stop mission to expand our unique Canadian offering, for advisors and clients who want more freedom, autonomy, and choice.&#8221;<em><\/em><\/p>\n\n\n\n<p>As well, <strong>Blaine Arnold<\/strong> will join as<strong> Executive Vice-President (EVP), Corporate Development<\/strong>. Bringing extensive experience in wealth management and business development, Blaine previously served as President &amp; CEO of Sandler by Pinnacle and held senior leadership roles at Scotia Wealth Management. Tasked with leading the firm\u2019s national advisor recruitment strategy, Blaine will play a key role in attracting high-calibre investment professionals and strengthening Wellington-Altus\u2019 position as the premier destination for entrepreneurial advisors. His efforts will ensure that the firm continues to grow its national footprint while maintaining its commitment to independence and client-centric excellence.<\/p>\n\n\n\n<p>&#8220;Wellington-Altus is redefining wealth management in Canada by empowering entrepreneurial advisors with the freedom, resources, and support to thrive,&#8221; said Blaine Arnold. &#8220;I am excited to contribute to the firm\u2019s continued expansion and play a key role in attracting top-tier investment professionals who align with our vision.&#8221;<\/p>\n\n\n\n<p>\u201cThese strategic appointments come at a pivotal time as we position Wellington-Altus for its next phase of parabolic growth,\u201d said Shaun Hauser, Founder &amp; CEO of Wellington-Altus. &#8220;Our three new seasoned executives will be instrumental in executing our long-term vision, reinforcing our recruitment strategy, and strengthening our leadership as we continue to scale and explore new opportunities. Their expertise will enhance our ability to support advisors while ensuring we remain at the forefront of the industry.\u201d<\/p>\n\n\n\n<p>&nbsp;<strong>About Wellington-Altus Financial Inc.<\/strong><\/p>\n\n\n\n<p>Founded in 2017, Wellington-Altus Financial Inc. (Wellington-Altus) is the parent company to Wellington-Altus Private Counsel Inc., Wellington-Altus USA Inc., Wellington-Altus Insurance Inc., Wellington-Altus Group Solutions Inc., Independent Advisor Solutions Inc., and Wellington-Altus Private Wealth Inc.\u2014the top-rated* investment dealer in Canada and one of Canada\u2019s Best Managed Companies. With nearly $40 billion in assets under administration and offices across the country and approaching 1,000 employees, Wellington-Altus identifies with successful, entrepreneurial advisors and portfolio managers and their high-net-worth clients.<\/p>\n\n\n\n<p><em>*Investment Executive 2024 Brokerage Report Card.<\/em><\/p>\n\n\n\n<p><strong>Media Inquiries<\/strong>:<\/p>\n\n\n\n<p>Jeremy Laurin<br>Associate Vice-President, Communications<br>647.327.4349<br><a href=\"mailto:Jeremy.Laurin@wellington-altus.ca\">Jeremy.Laurin@wellington-altus.ca<\/a><\/p>\n","protected":false},"excerpt":{"rendered":"<p>La Financi\u00e8re Wellington-Altus inc. (Wellington-Altus), soci\u00e9t\u00e9 m\u00e8re du courtier en placement le mieux cot\u00e9* du Canada, a le plaisir d\u2019annoncer trois nominations strat\u00e9giques visant \u00e0 accro\u00eetre le soutien aux conseillers et \u00e0 acc\u00e9l\u00e9rer la croissance continue de l\u2019entreprise. <\/p>","protected":false},"author":14,"featured_media":10037,"comment_status":"closed","ping_status":"open","sticky":false,"template":"","format":"standard","meta":{"_acf_changed":false,"footnotes":""},"categories":[58],"tags":[79,78,83],"class_list":["post-12506","post","type-post","status-publish","format-standard","has-post-thumbnail","hentry","category-news","tag-english","tag-francais","tag-french"],"acf":[],"yoast_head":"<!-- This site is optimized with the Yoast SEO plugin v27.2 - https:\/\/yoast.com\/product\/yoast-seo-wordpress\/ -->\n<title>Wellington-Altus Expands Leadership Team with Three Key Executive Appointments - Wellington-Altus<\/title>\n<meta name=\"robots\" content=\"index, follow, max-snippet:-1, max-image-preview:large, max-video-preview:-1\" \/>\n<link rel=\"canonical\" href=\"https:\/\/wellington-altus.ca\/fr\/wellington-altus-expands-leadership-team-with-three-key-executive-appointments\/\" \/>\n<meta property=\"og:locale\" content=\"fr_CA\" \/>\n<meta property=\"og:type\" content=\"article\" \/>\n<meta property=\"og:title\" content=\"Wellington-Altus Expands Leadership Team with Three Key Executive Appointments - Wellington-Altus\" \/>\n<meta property=\"og:description\" content=\"Wellington-Altus is pleased to announce three strategic appointments aimed at strengthening advisor support and accelerating the firm\u2019s continued growth.\" \/>\n<meta property=\"og:url\" content=\"https:\/\/wellington-altus.ca\/fr\/wellington-altus-expands-leadership-team-with-three-key-executive-appointments\/\" \/>\n<meta property=\"og:site_name\" content=\"Wellington-Altus\" \/>\n<meta property=\"article:published_time\" content=\"2025-04-01T19:28:21+00:00\" \/>\n<meta property=\"article:modified_time\" content=\"2025-04-01T19:55:56+00:00\" \/>\n<meta property=\"og:image\" content=\"https:\/\/wellington-altus.ca\/wp-content\/uploads\/2024\/04\/WA-Featured-Image.png\" \/>\n\t<meta property=\"og:image:width\" content=\"1200\" \/>\n\t<meta property=\"og:image:height\" content=\"628\" \/>\n\t<meta property=\"og:image:type\" content=\"image\/png\" \/>\n<meta name=\"author\" content=\"Ana Delgado\" \/>\n<meta name=\"twitter:card\" content=\"summary_large_image\" \/>\n<meta name=\"twitter:label1\" content=\"\u00c9crit par\" \/>\n\t<meta name=\"twitter:data1\" content=\"Ana Delgado\" \/>\n\t<meta name=\"twitter:label2\" content=\"Estimation du temps de lecture\" \/>\n\t<meta name=\"twitter:data2\" content=\"4 minutes\" \/>\n<script type=\"application\/ld+json\" class=\"yoast-schema-graph\">{\"@context\":\"https:\/\/schema.org\",\"@graph\":[{\"@type\":\"Article\",\"@id\":\"https:\/\/wellington-altus.ca\/wellington-altus-expands-leadership-team-with-three-key-executive-appointments\/#article\",\"isPartOf\":{\"@id\":\"https:\/\/wellington-altus.ca\/wellington-altus-expands-leadership-team-with-three-key-executive-appointments\/\"},\"author\":{\"name\":\"Ana Delgado\",\"@id\":\"https:\/\/wellington-altus.ca\/#\/schema\/person\/1f30dd23b5af42d8459b0c5abeef4e83\"},\"headline\":\"Wellington-Altus Expands Leadership Team with Three Key Executive Appointments\",\"datePublished\":\"2025-04-01T19:28:21+00:00\",\"dateModified\":\"2025-04-01T19:55:56+00:00\",\"mainEntityOfPage\":{\"@id\":\"https:\/\/wellington-altus.ca\/wellington-altus-expands-leadership-team-with-three-key-executive-appointments\/\"},\"wordCount\":812,\"publisher\":{\"@id\":\"https:\/\/wellington-altus.ca\/#organization\"},\"image\":{\"@id\":\"https:\/\/wellington-altus.ca\/wellington-altus-expands-leadership-team-with-three-key-executive-appointments\/#primaryimage\"},\"thumbnailUrl\":\"https:\/\/wellington-altus.ca\/wp-content\/uploads\/2024\/04\/WA-Featured-Image.png\",\"keywords\":[\"English\",\"Fran\u00e7ais\",\"French\"],\"articleSection\":[\"News\"],\"inLanguage\":\"fr-CA\"},{\"@type\":\"WebPage\",\"@id\":\"https:\/\/wellington-altus.ca\/wellington-altus-expands-leadership-team-with-three-key-executive-appointments\/\",\"url\":\"https:\/\/wellington-altus.ca\/wellington-altus-expands-leadership-team-with-three-key-executive-appointments\/\",\"name\":\"Wellington-Altus Expands Leadership Team with Three Key Executive Appointments - Wellington-Altus\",\"isPartOf\":{\"@id\":\"https:\/\/wellington-altus.ca\/#website\"},\"primaryImageOfPage\":{\"@id\":\"https:\/\/wellington-altus.ca\/wellington-altus-expands-leadership-team-with-three-key-executive-appointments\/#primaryimage\"},\"image\":{\"@id\":\"https:\/\/wellington-altus.ca\/wellington-altus-expands-leadership-team-with-three-key-executive-appointments\/#primaryimage\"},\"thumbnailUrl\":\"https:\/\/wellington-altus.ca\/wp-content\/uploads\/2024\/04\/WA-Featured-Image.png\",\"datePublished\":\"2025-04-01T19:28:21+00:00\",\"dateModified\":\"2025-04-01T19:55:56+00:00\",\"breadcrumb\":{\"@id\":\"https:\/\/wellington-altus.ca\/wellington-altus-expands-leadership-team-with-three-key-executive-appointments\/#breadcrumb\"},\"inLanguage\":\"fr-CA\",\"potentialAction\":[{\"@type\":\"ReadAction\",\"target\":[\"https:\/\/wellington-altus.ca\/wellington-altus-expands-leadership-team-with-three-key-executive-appointments\/\"]}]},{\"@type\":\"ImageObject\",\"inLanguage\":\"fr-CA\",\"@id\":\"https:\/\/wellington-altus.ca\/wellington-altus-expands-leadership-team-with-three-key-executive-appointments\/#primaryimage\",\"url\":\"https:\/\/wellington-altus.ca\/wp-content\/uploads\/2024\/04\/WA-Featured-Image.png\",\"contentUrl\":\"https:\/\/wellington-altus.ca\/wp-content\/uploads\/2024\/04\/WA-Featured-Image.png\",\"width\":1200,\"height\":628,\"caption\":\"WA-Featured-Image\"},{\"@type\":\"BreadcrumbList\",\"@id\":\"https:\/\/wellington-altus.ca\/wellington-altus-expands-leadership-team-with-three-key-executive-appointments\/#breadcrumb\",\"itemListElement\":[{\"@type\":\"ListItem\",\"position\":1,\"name\":\"Home\",\"item\":\"https:\/\/wellington-altus.ca\/\"},{\"@type\":\"ListItem\",\"position\":2,\"name\":\"Wellington-Altus Expands Leadership Team with Three Key Executive Appointments\"}]},{\"@type\":\"WebSite\",\"@id\":\"https:\/\/wellington-altus.ca\/#website\",\"url\":\"https:\/\/wellington-altus.ca\/\",\"name\":\"Wellington-Altus\",\"description\":\"Independent Private Wealth Management, Holistic Wealth Planning, Investment and Protection\",\"publisher\":{\"@id\":\"https:\/\/wellington-altus.ca\/#organization\"},\"potentialAction\":[{\"@type\":\"SearchAction\",\"target\":{\"@type\":\"EntryPoint\",\"urlTemplate\":\"https:\/\/wellington-altus.ca\/?s={search_term_string}\"},\"query-input\":{\"@type\":\"PropertyValueSpecification\",\"valueRequired\":true,\"valueName\":\"search_term_string\"}}],\"inLanguage\":\"fr-CA\"},{\"@type\":\"Organization\",\"@id\":\"https:\/\/wellington-altus.ca\/#organization\",\"name\":\"Wellington-Altus\",\"url\":\"https:\/\/wellington-altus.ca\/\",\"logo\":{\"@type\":\"ImageObject\",\"inLanguage\":\"fr-CA\",\"@id\":\"https:\/\/wellington-altus.ca\/#\/schema\/logo\/image\/\",\"url\":\"https:\/\/wellington-altus.ca\/wp-content\/uploads\/2020\/09\/WA_Logo_PMS_432C.png\",\"contentUrl\":\"https:\/\/wellington-altus.ca\/wp-content\/uploads\/2020\/09\/WA_Logo_PMS_432C.png\",\"width\":800,\"height\":246,\"caption\":\"Wellington-Altus\"},\"image\":{\"@id\":\"https:\/\/wellington-altus.ca\/#\/schema\/logo\/image\/\"}},{\"@type\":\"Person\",\"@id\":\"https:\/\/wellington-altus.ca\/#\/schema\/person\/1f30dd23b5af42d8459b0c5abeef4e83\",\"name\":\"Ana Delgado\",\"image\":{\"@type\":\"ImageObject\",\"inLanguage\":\"fr-CA\",\"@id\":\"https:\/\/secure.gravatar.com\/avatar\/944ca64b81374636f94427b00a8d11b160d165ecd35ecd000dbb42ee8939b911?s=96&d=mm&r=g\",\"url\":\"https:\/\/secure.gravatar.com\/avatar\/944ca64b81374636f94427b00a8d11b160d165ecd35ecd000dbb42ee8939b911?s=96&d=mm&r=g\",\"contentUrl\":\"https:\/\/secure.gravatar.com\/avatar\/944ca64b81374636f94427b00a8d11b160d165ecd35ecd000dbb42ee8939b911?s=96&d=mm&r=g\",\"caption\":\"Ana Delgado\"}}]}<\/script>\n<!-- \/ Yoast SEO plugin. -->","yoast_head_json":{"title":"Wellington-Altus Expands Leadership Team with Three Key Executive Appointments - Wellington-Altus","robots":{"index":"index","follow":"follow","max-snippet":"max-snippet:-1","max-image-preview":"max-image-preview:large","max-video-preview":"max-video-preview:-1"},"canonical":"https:\/\/wellington-altus.ca\/fr\/wellington-altus-expands-leadership-team-with-three-key-executive-appointments\/","og_locale":"fr_CA","og_type":"article","og_title":"Wellington-Altus Expands Leadership Team with Three Key Executive Appointments - Wellington-Altus","og_description":"Wellington-Altus is pleased to announce three strategic appointments aimed at strengthening advisor support and accelerating the firm\u2019s continued growth.","og_url":"https:\/\/wellington-altus.ca\/fr\/wellington-altus-expands-leadership-team-with-three-key-executive-appointments\/","og_site_name":"Wellington-Altus","article_published_time":"2025-04-01T19:28:21+00:00","article_modified_time":"2025-04-01T19:55:56+00:00","og_image":[{"width":1200,"height":628,"url":"https:\/\/wellington-altus.ca\/wp-content\/uploads\/2024\/04\/WA-Featured-Image.png","type":"image\/png"}],"author":"Ana Delgado","twitter_card":"summary_large_image","twitter_misc":{"\u00c9crit par":"Ana Delgado","Estimation du temps de lecture":"4 minutes"},"schema":{"@context":"https:\/\/schema.org","@graph":[{"@type":"Article","@id":"https:\/\/wellington-altus.ca\/wellington-altus-expands-leadership-team-with-three-key-executive-appointments\/#article","isPartOf":{"@id":"https:\/\/wellington-altus.ca\/wellington-altus-expands-leadership-team-with-three-key-executive-appointments\/"},"author":{"name":"Ana Delgado","@id":"https:\/\/wellington-altus.ca\/#\/schema\/person\/1f30dd23b5af42d8459b0c5abeef4e83"},"headline":"Wellington-Altus Expands Leadership Team with Three Key Executive Appointments","datePublished":"2025-04-01T19:28:21+00:00","dateModified":"2025-04-01T19:55:56+00:00","mainEntityOfPage":{"@id":"https:\/\/wellington-altus.ca\/wellington-altus-expands-leadership-team-with-three-key-executive-appointments\/"},"wordCount":812,"publisher":{"@id":"https:\/\/wellington-altus.ca\/#organization"},"image":{"@id":"https:\/\/wellington-altus.ca\/wellington-altus-expands-leadership-team-with-three-key-executive-appointments\/#primaryimage"},"thumbnailUrl":"https:\/\/wellington-altus.ca\/wp-content\/uploads\/2024\/04\/WA-Featured-Image.png","keywords":["English","Fran\u00e7ais","French"],"articleSection":["News"],"inLanguage":"fr-CA"},{"@type":"WebPage","@id":"https:\/\/wellington-altus.ca\/wellington-altus-expands-leadership-team-with-three-key-executive-appointments\/","url":"https:\/\/wellington-altus.ca\/wellington-altus-expands-leadership-team-with-three-key-executive-appointments\/","name":"Wellington-Altus Expands Leadership Team with Three Key Executive Appointments - Wellington-Altus","isPartOf":{"@id":"https:\/\/wellington-altus.ca\/#website"},"primaryImageOfPage":{"@id":"https:\/\/wellington-altus.ca\/wellington-altus-expands-leadership-team-with-three-key-executive-appointments\/#primaryimage"},"image":{"@id":"https:\/\/wellington-altus.ca\/wellington-altus-expands-leadership-team-with-three-key-executive-appointments\/#primaryimage"},"thumbnailUrl":"https:\/\/wellington-altus.ca\/wp-content\/uploads\/2024\/04\/WA-Featured-Image.png","datePublished":"2025-04-01T19:28:21+00:00","dateModified":"2025-04-01T19:55:56+00:00","breadcrumb":{"@id":"https:\/\/wellington-altus.ca\/wellington-altus-expands-leadership-team-with-three-key-executive-appointments\/#breadcrumb"},"inLanguage":"fr-CA","potentialAction":[{"@type":"ReadAction","target":["https:\/\/wellington-altus.ca\/wellington-altus-expands-leadership-team-with-three-key-executive-appointments\/"]}]},{"@type":"ImageObject","inLanguage":"fr-CA","@id":"https:\/\/wellington-altus.ca\/wellington-altus-expands-leadership-team-with-three-key-executive-appointments\/#primaryimage","url":"https:\/\/wellington-altus.ca\/wp-content\/uploads\/2024\/04\/WA-Featured-Image.png","contentUrl":"https:\/\/wellington-altus.ca\/wp-content\/uploads\/2024\/04\/WA-Featured-Image.png","width":1200,"height":628,"caption":"WA-Featured-Image"},{"@type":"BreadcrumbList","@id":"https:\/\/wellington-altus.ca\/wellington-altus-expands-leadership-team-with-three-key-executive-appointments\/#breadcrumb","itemListElement":[{"@type":"ListItem","position":1,"name":"Home","item":"https:\/\/wellington-altus.ca\/"},{"@type":"ListItem","position":2,"name":"Wellington-Altus Expands Leadership Team with Three Key Executive Appointments"}]},{"@type":"WebSite","@id":"https:\/\/wellington-altus.ca\/#website","url":"https:\/\/wellington-altus.ca\/","name":"Wellington-Altus","description":"Independent Private Wealth Management, Holistic Wealth Planning, Investment and Protection","publisher":{"@id":"https:\/\/wellington-altus.ca\/#organization"},"potentialAction":[{"@type":"SearchAction","target":{"@type":"EntryPoint","urlTemplate":"https:\/\/wellington-altus.ca\/?s={search_term_string}"},"query-input":{"@type":"PropertyValueSpecification","valueRequired":true,"valueName":"search_term_string"}}],"inLanguage":"fr-CA"},{"@type":"Organization","@id":"https:\/\/wellington-altus.ca\/#organization","name":"Wellington-Altus","url":"https:\/\/wellington-altus.ca\/","logo":{"@type":"ImageObject","inLanguage":"fr-CA","@id":"https:\/\/wellington-altus.ca\/#\/schema\/logo\/image\/","url":"https:\/\/wellington-altus.ca\/wp-content\/uploads\/2020\/09\/WA_Logo_PMS_432C.png","contentUrl":"https:\/\/wellington-altus.ca\/wp-content\/uploads\/2020\/09\/WA_Logo_PMS_432C.png","width":800,"height":246,"caption":"Wellington-Altus"},"image":{"@id":"https:\/\/wellington-altus.ca\/#\/schema\/logo\/image\/"}},{"@type":"Person","@id":"https:\/\/wellington-altus.ca\/#\/schema\/person\/1f30dd23b5af42d8459b0c5abeef4e83","name":"Ana Delgado","image":{"@type":"ImageObject","inLanguage":"fr-CA","@id":"https:\/\/secure.gravatar.com\/avatar\/944ca64b81374636f94427b00a8d11b160d165ecd35ecd000dbb42ee8939b911?s=96&d=mm&r=g","url":"https:\/\/secure.gravatar.com\/avatar\/944ca64b81374636f94427b00a8d11b160d165ecd35ecd000dbb42ee8939b911?s=96&d=mm&r=g","contentUrl":"https:\/\/secure.gravatar.com\/avatar\/944ca64b81374636f94427b00a8d11b160d165ecd35ecd000dbb42ee8939b911?s=96&d=mm&r=g","caption":"Ana Delgado"}}]}},"_links":{"self":[{"href":"https:\/\/wellington-altus.ca\/fr\/wp-json\/wp\/v2\/posts\/12506","targetHints":{"allow":["GET"]}}],"collection":[{"href":"https:\/\/wellington-altus.ca\/fr\/wp-json\/wp\/v2\/posts"}],"about":[{"href":"https:\/\/wellington-altus.ca\/fr\/wp-json\/wp\/v2\/types\/post"}],"author":[{"embeddable":true,"href":"https:\/\/wellington-altus.ca\/fr\/wp-json\/wp\/v2\/users\/14"}],"replies":[{"embeddable":true,"href":"https:\/\/wellington-altus.ca\/fr\/wp-json\/wp\/v2\/comments?post=12506"}],"version-history":[{"count":3,"href":"https:\/\/wellington-altus.ca\/fr\/wp-json\/wp\/v2\/posts\/12506\/revisions"}],"predecessor-version":[{"id":12518,"href":"https:\/\/wellington-altus.ca\/fr\/wp-json\/wp\/v2\/posts\/12506\/revisions\/12518"}],"wp:featuredmedia":[{"embeddable":true,"href":"https:\/\/wellington-altus.ca\/fr\/wp-json\/wp\/v2\/media\/10037"}],"wp:attachment":[{"href":"https:\/\/wellington-altus.ca\/fr\/wp-json\/wp\/v2\/media?parent=12506"}],"wp:term":[{"taxonomy":"category","embeddable":true,"href":"https:\/\/wellington-altus.ca\/fr\/wp-json\/wp\/v2\/categories?post=12506"},{"taxonomy":"post_tag","embeddable":true,"href":"https:\/\/wellington-altus.ca\/fr\/wp-json\/wp\/v2\/tags?post=12506"}],"curies":[{"name":"wp","href":"https:\/\/api.w.org\/{rel}","templated":true}]}}